{"id":463,"date":"2023-03-30T11:26:32","date_gmt":"2023-03-30T15:26:32","guid":{"rendered":"https:\/\/blog.uvm.edu\/huertas\/?p=463"},"modified":"2023-03-30T11:26:32","modified_gmt":"2023-03-30T15:26:32","slug":"new-intern-profile-perfil-de-una-nueva-pasante-2","status":"publish","type":"post","link":"https:\/\/blog.uvm.edu\/huertas\/2023\/03\/30\/new-intern-profile-perfil-de-una-nueva-pasante-2\/","title":{"rendered":"<a href=\"https:\/\/blog.uvm.edu\/huertas\/2023\/02\/16\/new-intern-profile-perfil-de-una-nueva-pasante\/\">New Intern Profile\/ Perfil de una Nueva Pasante<\/a>"},"content":{"rendered":"\n<p>\u00a1Conoce a Eliza!<\/p>\n\n\n\n<p>\u00a1Hola, me llamo Eliza y soy una de las pasantes para el proyecto de Huertas para la primavera de 2023! Estoy en mi segundo a\u00f1o en la universidad de Vermont donde estudio la geograf\u00eda y los estudios globales. Tambi\u00e9n tengo una subespecialidad en los estudios de latinoam\u00e9rica y el caribe. \u00a1Estoy muy apasionada sobre el cambio clim\u00e1tico, la migraci\u00f3n, la ecolog\u00eda pol\u00edtica, los idiomas y m\u00e1s!&nbsp;<\/p>\n\n\n\n<p>Crec\u00ed en Vermont y por eso Huertas es particularmente importante e interesante para m\u00ed. Tambi\u00e9n pas\u00e9 dos a\u00f1os en Ecuador con mi familia durante la secundaria, que foment\u00f3 mi inter\u00e9s en la migraci\u00f3n, la justicia alimentaria y otros temas relacionados. Tom\u00e9 una clase durante mi primer semestre en UVM que se llamaba \u201cRaza, Identidad y Trabajo Migratorio\u201d con la profesora Montesano. All\u00ed aprend\u00ed sobre Huertas. Desde tomar la clase he estado muy inspirada e interesada sobre la organizaci\u00f3n.<\/p>\n\n\n\n<p>He estado aprendiendo y disfrutando mucho del proyecto Huertas y del trabajo que involucra, espec\u00edficamente la habilidad de conocer a las otras becarias, aprender sobre la seguridad y soberan\u00eda alimentaria y conversar con trabajadores migrantes alrededor de Vermont. Aparte de la escuela y Huertas, me encanta leer y tambi\u00e9n me gusta correr, montar en bicicleta, viajar y hacer la fotograf\u00eda. Tambi\u00e9n trabajo como asistente de investigaci\u00f3n, enfocando en los temas de la migraci\u00f3n y el resentimiento de los refugiados. Tengo mucho entusiasmo sobre las dos posiciones y para hacer conexiones entre las dos. Mirando al semestre que viene, estoy emocionada para escribir m\u00e1s publicaciones para el blog, mejorar mi espa\u00f1ol a trav\u00e9s de conversaciones con participantes de Huertas, aprender sobre la jardiner\u00eda y trabajar para asegurar que Vermont sea un estado y una comunidad bienvenida para todos!&nbsp;<\/p>\n\n\n\n<figure class=\"wp-block-image size-full\"><a href=\"https:\/\/blog.uvm.edu\/huertas\/files\/2023\/03\/Eliza_Gebb_foto.jpeg\"><img loading=\"lazy\" decoding=\"async\" width=\"768\" height=\"1024\" src=\"https:\/\/blog.uvm.edu\/huertas\/files\/2023\/03\/Eliza_Gebb_foto.jpeg\" alt=\"\" class=\"wp-image-475\" srcset=\"https:\/\/blog.uvm.edu\/huertas\/files\/2023\/03\/Eliza_Gebb_foto.jpeg 768w, https:\/\/blog.uvm.edu\/huertas\/files\/2023\/03\/Eliza_Gebb_foto-225x300.jpeg 225w\" sizes=\"auto, (max-width: 768px) 100vw, 768px\" \/><\/a><\/figure>\n\n\n\n<p>Meet Eliza!&nbsp;<\/p>\n\n\n\n<p>Hi, my name is Eliza and I am one of the Huertas interns for spring 2023! I am a second-year student at UVM studying Geography and Global Studies, with a minor in Latin American &amp; Caribbean Studies. I am passionate about and interested in climate change, migration, refugee resettlement, political ecology, languages, and much more! I grew up in Vermont and because of this, Huertas is of particular interest and importance to me.&nbsp;<\/p>\n\n\n\n<p>I spent two years living in Ecuador with my family during high school, which furthered my interest in migration, food justice, and related topics. I took a Spanish class with Professor Montesano at UVM called \u201cRace, Identity, and Migrant Labor\u201d during my first semester at UVM, in which I learned about Huertas. I have been inspired by and interested in the organization ever since then.&nbsp;<\/p>\n\n\n\n<p>I am loving Huertas so far and being able to collaborate with the other interns, learn about food sovereignty and security, and engage with migrant farmworkers across Vermont. Outside of school and Huertas, I am an avid reader, and enjoy biking, running, traveling, and photography. I also work as a research assistant on projects relating to migration and refugee resettlement and am looking forward to both positions and to making connections between the two. Looking ahead to the rest of the semester, I am excited to write more posts for the blog, work to improve my Spanish language skills, learn more about gardening, and help make Vermont a more welcoming state and community for all!<\/p>\n","protected":false},"excerpt":{"rendered":"<p>\u00a1Conoce a Eliza! \u00a1Hola, me llamo Eliza y soy una de las pasantes para el proyecto de Huertas para la primavera de 2023! Estoy en mi segundo a\u00f1o en la universidad de Vermont donde estudio la geograf\u00eda y los estudios globales. Tambi\u00e9n tengo una subespecialidad en los estudios de latinoam\u00e9rica y el caribe. \u00a1Estoy muy [&hellip;]<\/p>\n","protected":false},"author":8627,"featured_media":0,"comment_status":"closed","ping_status":"open","sticky":false,"template":"","format":"standard","meta":{"footnotes":""},"categories":[1],"tags":[],"class_list":["post-463","post","type-post","status-publish","format-standard","hentry","category-uncategorized"],"_links":{"self":[{"href":"https:\/\/blog.uvm.edu\/huertas\/wp-json\/wp\/v2\/posts\/463","targetHints":{"allow":["GET"]}}],"collection":[{"href":"https:\/\/blog.uvm.edu\/huertas\/wp-json\/wp\/v2\/posts"}],"about":[{"href":"https:\/\/blog.uvm.edu\/huertas\/wp-json\/wp\/v2\/types\/post"}],"author":[{"embeddable":true,"href":"https:\/\/blog.uvm.edu\/huertas\/wp-json\/wp\/v2\/users\/8627"}],"replies":[{"embeddable":true,"href":"https:\/\/blog.uvm.edu\/huertas\/wp-json\/wp\/v2\/comments?post=463"}],"version-history":[{"count":10,"href":"https:\/\/blog.uvm.edu\/huertas\/wp-json\/wp\/v2\/posts\/463\/revisions"}],"predecessor-version":[{"id":476,"href":"https:\/\/blog.uvm.edu\/huertas\/wp-json\/wp\/v2\/posts\/463\/revisions\/476"}],"wp:attachment":[{"href":"https:\/\/blog.uvm.edu\/huertas\/wp-json\/wp\/v2\/media?parent=463"}],"wp:term":[{"taxonomy":"category","embeddable":true,"href":"https:\/\/blog.uvm.edu\/huertas\/wp-json\/wp\/v2\/categories?post=463"},{"taxonomy":"post_tag","embeddable":true,"href":"https:\/\/blog.uvm.edu\/huertas\/wp-json\/wp\/v2\/tags?post=463"}],"curies":[{"name":"wp","href":"https:\/\/api.w.org\/{rel}","templated":true}]}}