{"id":449,"date":"2023-03-06T08:54:48","date_gmt":"2023-03-06T12:54:48","guid":{"rendered":"https:\/\/blog.uvm.edu\/huertas\/?p=449"},"modified":"2023-03-06T08:54:48","modified_gmt":"2023-03-06T12:54:48","slug":"perfil-de-una-nueva-pasante-new-intern-profile","status":"publish","type":"post","link":"https:\/\/blog.uvm.edu\/huertas\/2023\/03\/06\/perfil-de-una-nueva-pasante-new-intern-profile\/","title":{"rendered":"Perfil de una nueva pasante\/\/new intern profile"},"content":{"rendered":"\n<p>\u00a1Hola!<\/p>\n\n\n\n<p>Me llamo Hannah y soy otra de las nuevas pasantes para el programa Huertas. Estoy muy emocionada por la oportunidad de sembrar y colaborar con participantes del programa. Estudio el sistema de comida en la Universidad de Vermont con subespecialidades en las ciencias de la tierra, agroecolog\u00eda y m\u00fasica. El programa de Huertas me interesa porque siempre estoy tratando de aprender m\u00e1s sobre nuestro sistema de comida. Tambi\u00e9n, tom\u00e9 clases de espa\u00f1ol durante la escuela primaria hasta la universidad y amo hablar y conversar en espa\u00f1ol. En adici\u00f3n, quiero aprender sobre la perspectiva de trabajadores migrantes en Vermont porque en el a\u00f1o pasado, aprend\u00ed la importancia de ellos a la industria l\u00e1ctea en Vermont. La comida y la seguridad alimentaria es mi pasi\u00f3n y creo que es un derecho humano. Estoy emocionada para formar parte de un proyecto que trabaja con trabajadores migrantes en Vermont para aumentar la soberan\u00eda alimentaria.<\/p>\n\n\n\n<p>Mi experiencia con Huertas ha sido muy interesante e informativa. Durante el descanso de invierno, aprend\u00ed mucho sobre el sistema migratorio y c\u00f3mo este sistema influye y hace da\u00f1o a los trabajadores migrantes en Vermont. Tambi\u00e9n siendo una pasante para Huertas he podido tomar una clase a trav\u00e9s de UVM Extensi\u00f3n que se llama el curso de \u2018Master Gardener\u2019. He aprendido sobre la salud de la tierra, los insectos, la biolog\u00eda de las plantas, y la planificaci\u00f3n de jard\u00ednes. Estoy emocionada para el resto del curso y no puedo esperar para sembrar durante la primavera con los participantes.&nbsp;<\/p>\n\n\n\n<p>Similar a lo que dijo Amelia en su perfil, quiero ser una persona informada en que los participantes pueden confiar. Me encanta conectar con personas y me gusta como la estructura del programa anima a pasantes y participantes a hacer conexiones. Tambi\u00e9n, estoy muy emocionada para la posibilidad de ense\u00f1ar o planear clases de cocina. Amo cocinar y estoy agradecida que la posici\u00f3n me da la oportunidad de incorporar mis pasiones y experiencia personal con otras personas involucradas con el proyecto.&nbsp;<\/p>\n\n\n\n<p>\u00a1Presta atenci\u00f3n para el perfil final de la otra pasante para Huertas 2023 muy pronto!<\/p>\n\n\n\n<p class=\"has-text-align-center\"><img loading=\"lazy\" decoding=\"async\" src=\"https:\/\/lh3.googleusercontent.com\/Io6MhLWSjfqbo8_d2RbTiZDON98tX4XTRR3KwJDN5KLjWswZb3SwX3I_YX34o7-qRnxe17g-3kqxfPOQVtdbEUavJ4lJXF9tAgDLPmPtF0UOwJ06pfmohDWzdPH2a23P2TCOMEuWQEZzZlU0Ot5XX4Y\" width=\"624\" height=\"804\"\/><\/p>\n\n\n\n<p>Hi!<\/p>\n\n\n\n<p>My name is Hannah and I am one of the other new interns for the Huertas program. I am very excited for the opportunity to grow kitchen gardens and collaborate with participants in the program. I am studying food systems at the University of Vermont along with minors in soil science, agroecology, and music. The Huertas program interests me because I am always trying to learn more about our food system. Also, I took Spanish classes during elementary school until college and I love to talk and converse in Spanish. In addition, I wanted to learn more about the perspective of migrant farmworkers in Vermont after having learned about how integral they are to the state&#8217;s dairy industry in the past. Food and food security is my passion and I believe it is a human right. I am thrilled to be a part of a project that works to provide fresh food and promote food sovereignty for migrant farmworkers in Vermont.&nbsp;<\/p>\n\n\n\n<p>So far, my experience with Huertas has been very interesting and informative. During winter break, I learned a lot more about the migration system and how it affects and disadvantages Vermont\u2019s migrant farmworkers. Also through this internship, I have been able to take a class through UVM extension called the \u2018Master Gardener\u2019 course. Already, I have learned about soil health, insects, plant biology, and garden planning. I am excited for the rest of the course and can\u2019t wait to garden in the spring with participants!&nbsp;<\/p>\n\n\n\n<p>Similar to what Amelia said in her profile, I want to be an informed person that participants can confide in, especially regarding their huertas, but also other things. I love connecting with people and I like how the format of the Huertas program encourages interns and participants to make connections with each other. Also, I am very excited about the possibility of teaching or planning cooking classes. I love cooking and I appreciate that this position gives me the opportunity to incorporate and share some of my passions and personal experience.<\/p>\n\n\n\n<p>Keep an eye out for our final intern profile for Huertas 2023 very soon!&nbsp;<\/p>\n","protected":false},"excerpt":{"rendered":"<p>\u00a1Hola! Me llamo Hannah y soy otra de las nuevas pasantes para el programa Huertas. Estoy muy emocionada por la oportunidad de sembrar y colaborar con participantes del programa. Estudio el sistema de comida en la Universidad de Vermont con subespecialidades en las ciencias de la tierra, agroecolog\u00eda y m\u00fasica. El programa de Huertas me [&hellip;]<\/p>\n","protected":false},"author":8551,"featured_media":0,"comment_status":"closed","ping_status":"open","sticky":false,"template":"","format":"standard","meta":{"footnotes":""},"categories":[1],"tags":[],"class_list":["post-449","post","type-post","status-publish","format-standard","hentry","category-uncategorized"],"_links":{"self":[{"href":"https:\/\/blog.uvm.edu\/huertas\/wp-json\/wp\/v2\/posts\/449","targetHints":{"allow":["GET"]}}],"collection":[{"href":"https:\/\/blog.uvm.edu\/huertas\/wp-json\/wp\/v2\/posts"}],"about":[{"href":"https:\/\/blog.uvm.edu\/huertas\/wp-json\/wp\/v2\/types\/post"}],"author":[{"embeddable":true,"href":"https:\/\/blog.uvm.edu\/huertas\/wp-json\/wp\/v2\/users\/8551"}],"replies":[{"embeddable":true,"href":"https:\/\/blog.uvm.edu\/huertas\/wp-json\/wp\/v2\/comments?post=449"}],"version-history":[{"count":7,"href":"https:\/\/blog.uvm.edu\/huertas\/wp-json\/wp\/v2\/posts\/449\/revisions"}],"predecessor-version":[{"id":459,"href":"https:\/\/blog.uvm.edu\/huertas\/wp-json\/wp\/v2\/posts\/449\/revisions\/459"}],"wp:attachment":[{"href":"https:\/\/blog.uvm.edu\/huertas\/wp-json\/wp\/v2\/media?parent=449"}],"wp:term":[{"taxonomy":"category","embeddable":true,"href":"https:\/\/blog.uvm.edu\/huertas\/wp-json\/wp\/v2\/categories?post=449"},{"taxonomy":"post_tag","embeddable":true,"href":"https:\/\/blog.uvm.edu\/huertas\/wp-json\/wp\/v2\/tags?post=449"}],"curies":[{"name":"wp","href":"https:\/\/api.w.org\/{rel}","templated":true}]}}