{"id":441,"date":"2023-02-16T12:59:40","date_gmt":"2023-02-16T16:59:40","guid":{"rendered":"https:\/\/blog.uvm.edu\/huertas\/?p=441"},"modified":"2023-02-16T12:59:40","modified_gmt":"2023-02-16T16:59:40","slug":"new-intern-profile-perfil-de-una-nueva-pasante","status":"publish","type":"post","link":"https:\/\/blog.uvm.edu\/huertas\/2023\/02\/16\/new-intern-profile-perfil-de-una-nueva-pasante\/","title":{"rendered":"New Intern Profile\/ Perfil de una Nueva Pasante"},"content":{"rendered":"\n<p><br \/>\u00a1Hola a todos!&nbsp;<\/p>\n\n\n\n<p>Me llamo Amelia y soy una de las nuevas pasantes o becarias para el programa Huertas. Estoy incre\u00edblemente emocionada para hacer este trabajo y colaborar con las dos otras becarias esta primavera. Estudio la sociolog\u00eda en la universidad de Vermont con una concentraci\u00f3n en la justicia criminal. Adem\u00e1s, tengo subespecialidades en los estudios de latinoam\u00e9rica y el caribe, arte visual y biolog\u00eda. Estoy especialmente interesada en el proyecto de Huertas porque aprend\u00ed espa\u00f1ol durante tres a\u00f1os viviendo en Guadalajara, M\u00e9xico. Para mi, el aprendizaje de otras lenguas y culturas es una de las cosas m\u00e1s importantes para llegar a un mejor mundo con m\u00e1s equidad y menos violencia. Lo que m\u00e1s valoro del trabajo de Huertas es conectar y conversar con todos los participantes. Adem\u00e1s, estoy interesada en aprender m\u00e1s sobre los derechos de inmigrantes en nuestros sistemas de justicia en los Estados Unidos.\u00a0<\/p>\n\n\n\n<p>Huertas ya ha sido una experiencia fenomenal. He aprendido sobre sistemas de l\u00e1cteos en Vermont y experiencias de trabajadores migrantes que antes no sab\u00eda por nada. Y desde que empec\u00e9 a visitar los participantes en diferentes ranchos en Vermont he tenido muchas experiencias nuevas que han sido muy impactantes. Como esperaba, mi parte favorita del trabajo ha sido tener conversaciones con todos los participantes despu\u00e9s de hacer las entrevistas sobre su huerta. Me hace muy emocionante conectar con participantes de \u00e1reas en M\u00e9xico cerca de donde yo viv\u00ed cuando era ni\u00f1a.<\/p>\n\n\n\n<p>Lo que me importa m\u00e1s como becaria del programa Huertas, es ser alguien con quien los participantes pueden confiar y conectar. Aprendo algo nuevo cada d\u00eda trabajando con Huertas, especialmente sobre los sistemas de comida y c\u00f3mo sembrar.&nbsp; \u00a1No puedo esperar para hacer m\u00e1s visitas con participantes,&nbsp; aprender m\u00e1s sobre los sistemas de comida y en algunos meses empezar a sembrar!&nbsp;<\/p>\n\n\n\n<p>\u00a1Presta atenci\u00f3n para dos perfiles m\u00e1s de las otras becarias para Huertas 2023!<\/p>\n\n\n\n<p><img loading=\"lazy\" decoding=\"async\" src=\"https:\/\/lh6.googleusercontent.com\/vQxe3q_yeKYXO4qDaxqnaY41ZBUQYBuowThss_03xyeCwQMIlZ64_76K3fNXNYMcah_aEu9chVchMRq5l5wPt8E9biafO22Q5AHvTVaZVjNjB2fHxbHsMm3l2VxnJI7GJZvDjUz3zplUrvoQ9dDU7uo\" width=\"416\" height=\"311\"\/><\/p>\n\n\n\n<p><\/p>\n\n\n\n<p>Hello everyone!<\/p>\n\n\n\n<p>My name is Amelia and I am one of the new interns for the Huertas program. I am incredibly excited for this work and excited to collaborate with the two other interns this spring. I study sociology at the University of Vermont with a concentration in Criminal Justice. Furthermore, I am minoring in Latin American and Caribbean Studies, Art, and Biology. I am especially interested in the Huertas project because I lived in Guadalajara, Mexico at age nine and learned Spanish, which I will be using throughout this internship. I believe learning other languages and cultures is one of the best ways to begin to create a more equitable and less violent world. The thing I value most as a Huertas intern is connecting and conversing with the Huertas participants. Furthermore, I am interested in learning more about immigration rights as it relates to the American criminal justice system.&nbsp;<\/p>\n\n\n\n<p>So far, Huertas has been a wonderful experience. I have learned about the dairy industry in Vermont and the experience of migrant workers in this industry, which prior to this internship I knew almost nothing about. I have already had many impactful experiences during my first in person visits to meet with participants on farms around Northern Vermont. Like I thought, my favorite part of the work has been connecting with all of the participants after conducting the formal interviews. It is especially exciting connecting with participants about areas in Mexico close to where I lived when I was young.&nbsp;<\/p>\n\n\n\n<p>The most important thing to me as a Huertas intern is being someone that the participants can confide in and connect with. I learn something new everyday I work for Huertas, especially about food systems and gardening techniques. I can&#8217;t wait to do more field visits, learn more about these food systems, and begin to plant this spring.&nbsp;<\/p>\n\n\n\n<p>Keep an eye out for two more profiles introducing the other two 2023 Huertas interns!<\/p>\n","protected":false},"excerpt":{"rendered":"<p>\u00a1Hola a todos!&nbsp; Me llamo Amelia y soy una de las nuevas pasantes o becarias para el programa Huertas. Estoy incre\u00edblemente emocionada para hacer este trabajo y colaborar con las dos otras becarias esta primavera. Estudio la sociolog\u00eda en la universidad de Vermont con una concentraci\u00f3n en la justicia criminal. Adem\u00e1s, tengo subespecialidades en los [&hellip;]<\/p>\n","protected":false},"author":8618,"featured_media":0,"comment_status":"closed","ping_status":"open","sticky":false,"template":"","format":"standard","meta":{"footnotes":""},"categories":[1],"tags":[],"class_list":["post-441","post","type-post","status-publish","format-standard","hentry","category-uncategorized"],"_links":{"self":[{"href":"https:\/\/blog.uvm.edu\/huertas\/wp-json\/wp\/v2\/posts\/441","targetHints":{"allow":["GET"]}}],"collection":[{"href":"https:\/\/blog.uvm.edu\/huertas\/wp-json\/wp\/v2\/posts"}],"about":[{"href":"https:\/\/blog.uvm.edu\/huertas\/wp-json\/wp\/v2\/types\/post"}],"author":[{"embeddable":true,"href":"https:\/\/blog.uvm.edu\/huertas\/wp-json\/wp\/v2\/users\/8618"}],"replies":[{"embeddable":true,"href":"https:\/\/blog.uvm.edu\/huertas\/wp-json\/wp\/v2\/comments?post=441"}],"version-history":[{"count":3,"href":"https:\/\/blog.uvm.edu\/huertas\/wp-json\/wp\/v2\/posts\/441\/revisions"}],"predecessor-version":[{"id":448,"href":"https:\/\/blog.uvm.edu\/huertas\/wp-json\/wp\/v2\/posts\/441\/revisions\/448"}],"wp:attachment":[{"href":"https:\/\/blog.uvm.edu\/huertas\/wp-json\/wp\/v2\/media?parent=441"}],"wp:term":[{"taxonomy":"category","embeddable":true,"href":"https:\/\/blog.uvm.edu\/huertas\/wp-json\/wp\/v2\/categories?post=441"},{"taxonomy":"post_tag","embeddable":true,"href":"https:\/\/blog.uvm.edu\/huertas\/wp-json\/wp\/v2\/tags?post=441"}],"curies":[{"name":"wp","href":"https:\/\/api.w.org\/{rel}","templated":true}]}}