{"id":245,"date":"2019-02-04T15:07:50","date_gmt":"2019-02-04T19:07:50","guid":{"rendered":"http:\/\/blog.uvm.edu\/huertas\/?p=245"},"modified":"2019-02-15T13:58:20","modified_gmt":"2019-02-15T17:58:20","slug":"new-intern-profile-perfil-de-nueva-becaria","status":"publish","type":"post","link":"https:\/\/blog.uvm.edu\/huertas\/2019\/02\/04\/new-intern-profile-perfil-de-nueva-becaria\/","title":{"rendered":"New Intern Profile \/ Perfil de Nueva Becaria"},"content":{"rendered":"<h1>Welcome Emma!<\/h1>\n<p>Emma Gianoplus is our 2019 Media and Communications Intern. Emma studies Global Studies and Spanish at the University of Vermont, and is extremely excited to begin her journey with Huertas! Emma first learned about Huertas in a course called \u201cSustainable Community Development\u201d two years ago. Last year, Emma studied at the University of Murcia in Murcia, Spain for six months, where she continued to cultivate a strong desire to practice the Spanish language and meet new people of different cultures (and WORLDS)! When she came back from Spain, she realized that the Huertas Project was a perfect blend of helping people in the local community and practicing her Spanish skills.<\/p>\n<p>Emma continued to deepen her interest in community development projects as an AmeriCorps member this past summer, in which she created summer programming for underserved, local youth in Essex Junction, Vermont. She realized her passion for connecting community partners and members together to create wonderful new initiatives that benefit the future generations of a community. As she prepares to graduate from UVM, Emma is finishing an Honors thesis on the relationship between community assets and the self-sufficiency of refugees in Chittenden County, Vermont. Her time in Vermont has led to an indescribably vast interest in immigration and refugee resettlement in the United States today.<\/p>\n<p>As the media and communications intern, Emma hopes to continue promoting the Huertas Project to the greater Vermont community and raising awareness for the issues faced by the Latinx migrant population in Vermont today.<\/p>\n<p><a href=\"http:\/\/blog.uvm.edu\/huertas\/files\/2019\/02\/fullsizeoutput_1d41.jpeg\"><img loading=\"lazy\" decoding=\"async\" class=\"alignnone size-medium wp-image-246\" src=\"http:\/\/blog.uvm.edu\/huertas\/files\/2019\/02\/fullsizeoutput_1d41-225x300.jpeg\" alt=\"\" width=\"225\" height=\"300\" srcset=\"https:\/\/blog.uvm.edu\/huertas\/files\/2019\/02\/fullsizeoutput_1d41-225x300.jpeg 225w, https:\/\/blog.uvm.edu\/huertas\/files\/2019\/02\/fullsizeoutput_1d41.jpeg 720w\" sizes=\"auto, (max-width: 225px) 100vw, 225px\" \/><\/a><\/p>\n<p>**********************************************<\/p>\n<h1>\u00a1Bienvenidos Emma!<\/h1>\n<p>Emma Gianoplus es nuestra becaria de medios y comunicaciones por 2019. Emma estudia los estudios globales y espa\u00f1ol a la Universidad de Vermont, y est\u00e1 emocionada empezar su viaje con Huertas. Emma aprendi\u00f3 sobre este proyecto en una clase llamado \u2018Desarrollo comunitario sostenible\u2019 dos a\u00f1os pasados. El a\u00f1o pasado Emma estudi\u00f3 a la Universidad de Murcia en Murcia, Espa\u00f1a por seis meses, en cual ella continu\u00f3 cultivar su deseo fuerte practicar la lengua espa\u00f1ola y conocer nuevas personas de culturas (y MUNDOS) diferentes. Cuando ella regres\u00f3 a los EEUU, se dio cuenta de que el proyecto de Huertas es una mezcla perfectamente de ayudando personas en la comunidad local y practicando sus habilidades espa\u00f1oles.<\/p>\n<p>Emma continu\u00f3 profundizando su inter\u00e9s en los proyectos del desarrollo comunitario como una miembro de AmeriCorps este verano pasado, en cual ella cre\u00f3 una programaci\u00f3n de verano para los ni\u00f1os desfavorecidos en Essex Junction, Vermont. Se dio cuenta de su pasi\u00f3n para conectar a los socios y miembros comunitarios para crear nuevas iniciativas que benefician las generaciones futuras de una comunidad. Como ella prepara graduarse de UVM, Emma est\u00e1 completando una proyecto final que describe la relaci\u00f3n entre activos de comunidad y la autosuficiencia de los refugiados en el condado Chittenden en Vermont. Su tiempo en Vermont ha llevado a un inter\u00e9s enorme en inmigraci\u00f3n y reasentamiento de los refugiados en los EEUU hoy.<\/p>\n<p>Como la becaria de medios y comunicaciones, Emma desea continuar promocionando el proyecto de Huertas a la mayor comunidad de Vermont y concienciando para los asuntos de la poblaci\u00f3n de inmigrantes Latinx hoy.<\/p>\n","protected":false},"excerpt":{"rendered":"<p>Welcome Emma! Emma Gianoplus is our 2019 Media and Communications Intern. Emma studies Global Studies and Spanish at the University of Vermont, and is extremely excited to begin her journey with Huertas! Emma first learned about Huertas in a course called \u201cSustainable Community Development\u201d two years ago. Last year, Emma studied at the University of [&hellip;]<\/p>\n","protected":false},"author":5504,"featured_media":0,"comment_status":"closed","ping_status":"open","sticky":false,"template":"","format":"standard","meta":{"footnotes":""},"categories":[163317,1],"tags":[163315],"class_list":["post-245","post","type-post","status-publish","format-standard","hentry","category-meet-our-team","category-uncategorized","tag-huertas-interns"],"_links":{"self":[{"href":"https:\/\/blog.uvm.edu\/huertas\/wp-json\/wp\/v2\/posts\/245","targetHints":{"allow":["GET"]}}],"collection":[{"href":"https:\/\/blog.uvm.edu\/huertas\/wp-json\/wp\/v2\/posts"}],"about":[{"href":"https:\/\/blog.uvm.edu\/huertas\/wp-json\/wp\/v2\/types\/post"}],"author":[{"embeddable":true,"href":"https:\/\/blog.uvm.edu\/huertas\/wp-json\/wp\/v2\/users\/5504"}],"replies":[{"embeddable":true,"href":"https:\/\/blog.uvm.edu\/huertas\/wp-json\/wp\/v2\/comments?post=245"}],"version-history":[{"count":3,"href":"https:\/\/blog.uvm.edu\/huertas\/wp-json\/wp\/v2\/posts\/245\/revisions"}],"predecessor-version":[{"id":268,"href":"https:\/\/blog.uvm.edu\/huertas\/wp-json\/wp\/v2\/posts\/245\/revisions\/268"}],"wp:attachment":[{"href":"https:\/\/blog.uvm.edu\/huertas\/wp-json\/wp\/v2\/media?parent=245"}],"wp:term":[{"taxonomy":"category","embeddable":true,"href":"https:\/\/blog.uvm.edu\/huertas\/wp-json\/wp\/v2\/categories?post=245"},{"taxonomy":"post_tag","embeddable":true,"href":"https:\/\/blog.uvm.edu\/huertas\/wp-json\/wp\/v2\/tags?post=245"}],"curies":[{"name":"wp","href":"https:\/\/api.w.org\/{rel}","templated":true}]}}