{"id":144,"date":"2017-03-10T12:47:37","date_gmt":"2017-03-10T16:47:37","guid":{"rendered":"http:\/\/blog.uvm.edu\/huertas\/?p=144"},"modified":"2017-08-01T17:40:04","modified_gmt":"2017-08-01T21:40:04","slug":"meet-our-media-and-communications-intern-ana","status":"publish","type":"post","link":"https:\/\/blog.uvm.edu\/huertas\/2017\/03\/10\/meet-our-media-and-communications-intern-ana\/","title":{"rendered":"Meet our Media and Communications Intern, Ana!"},"content":{"rendered":"<p><a href=\"http:\/\/blog.uvm.edu\/huertas\/files\/2017\/03\/IMG_6542.jpg\"><img loading=\"lazy\" decoding=\"async\" class=\"wp-image-128 aligncenter\" src=\"http:\/\/blog.uvm.edu\/huertas\/files\/2017\/03\/IMG_6542-850x1024.jpg\" width=\"301\" height=\"362\" srcset=\"https:\/\/blog.uvm.edu\/huertas\/files\/2017\/03\/IMG_6542-850x1024.jpg 850w, https:\/\/blog.uvm.edu\/huertas\/files\/2017\/03\/IMG_6542-249x300.jpg 249w, https:\/\/blog.uvm.edu\/huertas\/files\/2017\/03\/IMG_6542-768x925.jpg 768w\" sizes=\"auto, (max-width: 301px) 100vw, 301px\" \/><\/a><\/p>\n<p>&nbsp;<\/p>\n<p><span style=\"color: #000000\">Meet our Media and Communications Intern, Ana! She is an English major at UVM and from Mexico City, Mexico. Her interest in Huertas stems from her upbringing in Mexico and her familiarity with the reasons that drive Latino migrants out of their native countries and into the US with the promise of better opportunities and a better life. For Ana, Huertas\u2019s efforts are of utmost importance because they address issues of isolationism, food security, and food equity for Latino migrant farmworkers and their families\u2014all of whom are extremely vulnerable.<\/span><\/p>\n<p><span style=\"color: #000000\">She is so excited to share all things Huertas with you in these next months and hopefully help out with the gardens! Be sure to check out our Facebook and Instagram pages for the latest Huertas news and adventures!<\/span><\/p>\n<p>&nbsp;<\/p>\n<p>&nbsp;<\/p>\n<p><span style=\"color: #000000\">\u00a1Conoce a Ana! Ella es la encargada de las Comunicaciones Digitales y Medios Sociales de Huertas. Ana es de la Ciudad de M\u00e9xico y estudia Literatura en UVM. Se interes\u00f3 en Huertas ya que creci\u00f3 en M\u00e9xico y conoce bien las razones por las que los migrantes latinos huyen de sus pa\u00edses y buscan mejores oportunidades y est\u00e1ndares de vida en Estados Unidos. Para Ana, los esfuerzos de Huertas son sumamente importantes porque se enfocan en temas como el aislamiento de los agricultores migrantes Latinos, al igual que la seguridad y equidad de alimentos. Los migrantes Latinos y sus familias se encuentran en situaciones de vulnerabilidad extrema y lo m\u00e1s importante es brindarles cualquier tipo de apoyo que necesiten.<\/span><\/p>\n<p><span style=\"color: #000000\">\u00a1Ana est\u00e1 muy emocionada para compartir los esfuerzos de Huertas con ustedes y espera poder ayudar en cultivar las huertas! \u00a1Aseg\u00farese de seguir nuestras p\u00e1ginas de Facebook e Instagram para estar al tanto de nuestras aventuras y noticias!<\/span><\/p>\n","protected":false},"excerpt":{"rendered":"<p>&nbsp; Meet our Media and Communications Intern, Ana! She is an English major at UVM and from Mexico City, Mexico. Her interest in Huertas stems from her upbringing in Mexico and her familiarity with the reasons that drive Latino migrants out of their native countries and into the US with the promise of better opportunities [&hellip;]<\/p>\n","protected":false},"author":4369,"featured_media":0,"comment_status":"closed","ping_status":"open","sticky":false,"template":"","format":"standard","meta":{"footnotes":""},"categories":[1],"tags":[],"class_list":["post-144","post","type-post","status-publish","format-standard","hentry","category-uncategorized"],"_links":{"self":[{"href":"https:\/\/blog.uvm.edu\/huertas\/wp-json\/wp\/v2\/posts\/144","targetHints":{"allow":["GET"]}}],"collection":[{"href":"https:\/\/blog.uvm.edu\/huertas\/wp-json\/wp\/v2\/posts"}],"about":[{"href":"https:\/\/blog.uvm.edu\/huertas\/wp-json\/wp\/v2\/types\/post"}],"author":[{"embeddable":true,"href":"https:\/\/blog.uvm.edu\/huertas\/wp-json\/wp\/v2\/users\/4369"}],"replies":[{"embeddable":true,"href":"https:\/\/blog.uvm.edu\/huertas\/wp-json\/wp\/v2\/comments?post=144"}],"version-history":[{"count":4,"href":"https:\/\/blog.uvm.edu\/huertas\/wp-json\/wp\/v2\/posts\/144\/revisions"}],"predecessor-version":[{"id":162,"href":"https:\/\/blog.uvm.edu\/huertas\/wp-json\/wp\/v2\/posts\/144\/revisions\/162"}],"wp:attachment":[{"href":"https:\/\/blog.uvm.edu\/huertas\/wp-json\/wp\/v2\/media?parent=144"}],"wp:term":[{"taxonomy":"category","embeddable":true,"href":"https:\/\/blog.uvm.edu\/huertas\/wp-json\/wp\/v2\/categories?post=144"},{"taxonomy":"post_tag","embeddable":true,"href":"https:\/\/blog.uvm.edu\/huertas\/wp-json\/wp\/v2\/tags?post=144"}],"curies":[{"name":"wp","href":"https:\/\/api.w.org\/{rel}","templated":true}]}}