{"id":103,"date":"2016-04-20T22:43:25","date_gmt":"2016-04-21T02:43:25","guid":{"rendered":"http:\/\/blog.uvm.edu\/huertas\/?p=103"},"modified":"2016-04-20T22:43:25","modified_gmt":"2016-04-21T02:43:25","slug":"meet-adam-miller-one-of-huertas-supporters","status":"publish","type":"post","link":"https:\/\/blog.uvm.edu\/huertas\/2016\/04\/20\/meet-adam-miller-one-of-huertas-supporters\/","title":{"rendered":"Meet Adam Miller! One of Huertas&#8217; Supporters!"},"content":{"rendered":"<p>Adam Miller<\/p>\n<p>Environmental Science Major<\/p>\n<p><a href=\"http:\/\/blog.uvm.edu\/huertas\/files\/2016\/04\/12494930_10208530161198949_5927530240957224684_n.jpg\" rel=\"attachment wp-att-104\"><img loading=\"lazy\" decoding=\"async\" class=\" wp-image-104 alignleft\" src=\"http:\/\/blog.uvm.edu\/huertas\/files\/2016\/04\/12494930_10208530161198949_5927530240957224684_n-225x300.jpg\" alt=\"12494930_10208530161198949_5927530240957224684_n\" width=\"253\" height=\"337\" srcset=\"https:\/\/blog.uvm.edu\/huertas\/files\/2016\/04\/12494930_10208530161198949_5927530240957224684_n-225x300.jpg 225w, https:\/\/blog.uvm.edu\/huertas\/files\/2016\/04\/12494930_10208530161198949_5927530240957224684_n.jpg 720w\" sizes=\"auto, (max-width: 253px) 100vw, 253px\" \/><\/a><\/p>\n<p>Adam has been an essential contact for us this year. He has connected us with the UVM Greenhouses and is our primary contact for the Spanish service-learning course. He first heard about Huertas through this Spanish service-learning course, which he now works alongside Professor Rachael Montesano in increasing their involvement with the project. Through the service-learning course Adam was able to meet some of the farmers and help prepare the gardens. This made him interested in seeing if a relationship could be established between Huertas and the University-Farm.. This is Huertas\u2019 first time working with UVM\u2019s Greenhouse. Within the Greenhouses, Adam is coordinating the seed starting with guidance from Mark Starrett, Professor of Horticulture. In the Greenhouse they have sowed the seeds for various peppers such as Chile de Arbol or Chile de Agua along with different herbs. Many of the seeds being grown are those native to latino\/a culture such as Epazote, Papalo, and Pepicha. This Saturday the seeds are ready to be transplanted into pots!<\/p>\n<p>Adam ha sido un importante contacto para nostros este a\u00f1o. \u00c9l nos ha conectado con los invernaderos de el Universidad y es nuestro contacto principal para el curso de espa\u00f1ol. La primera vez que Adam oyo de Huertas fue en su curso de espa\u00f1ol, y ahora trabaja alado de profesora Rachael Montesano para aumentar el participaci\u00f3n de los estudiantes en el curso. A traves de el curso Adam conocio unos de los participantes y ayudo preparer los jardines. Esto le hizo interesado a ver si l pudiera establecer una relaci\u00f3n para Huertas con el Universida. Este es el primero a\u00f1o que Huertas a trabajado con los invernaderos. En los invernaderos Adam y Mark Starrett, el Profesor de Horticultura, estan sembrado los semillas para different pimientos como Chile de arbol, Chile de Agua junto con diferente hierbas. Muchas de las semillas que se cultivan en los invernaderos son los vegetales y herbas mas famliar el cultura latino\/a. Este sabado las semillas estan listas para ser transplantadas en macetas!<\/p>\n","protected":false},"excerpt":{"rendered":"<p>Adam Miller Environmental Science Major Adam has been an essential contact for us this year. He has connected us with the UVM Greenhouses and is our primary contact for the Spanish service-learning course. He first heard about Huertas through this Spanish service-learning course, which he now works alongside Professor Rachael Montesano in increasing their involvement [&hellip;]<\/p>\n","protected":false},"author":2197,"featured_media":0,"comment_status":"closed","ping_status":"open","sticky":false,"template":"","format":"standard","meta":{"footnotes":""},"categories":[1],"tags":[],"class_list":["post-103","post","type-post","status-publish","format-standard","hentry","category-uncategorized"],"_links":{"self":[{"href":"https:\/\/blog.uvm.edu\/huertas\/wp-json\/wp\/v2\/posts\/103","targetHints":{"allow":["GET"]}}],"collection":[{"href":"https:\/\/blog.uvm.edu\/huertas\/wp-json\/wp\/v2\/posts"}],"about":[{"href":"https:\/\/blog.uvm.edu\/huertas\/wp-json\/wp\/v2\/types\/post"}],"author":[{"embeddable":true,"href":"https:\/\/blog.uvm.edu\/huertas\/wp-json\/wp\/v2\/users\/2197"}],"replies":[{"embeddable":true,"href":"https:\/\/blog.uvm.edu\/huertas\/wp-json\/wp\/v2\/comments?post=103"}],"version-history":[{"count":1,"href":"https:\/\/blog.uvm.edu\/huertas\/wp-json\/wp\/v2\/posts\/103\/revisions"}],"predecessor-version":[{"id":105,"href":"https:\/\/blog.uvm.edu\/huertas\/wp-json\/wp\/v2\/posts\/103\/revisions\/105"}],"wp:attachment":[{"href":"https:\/\/blog.uvm.edu\/huertas\/wp-json\/wp\/v2\/media?parent=103"}],"wp:term":[{"taxonomy":"category","embeddable":true,"href":"https:\/\/blog.uvm.edu\/huertas\/wp-json\/wp\/v2\/categories?post=103"},{"taxonomy":"post_tag","embeddable":true,"href":"https:\/\/blog.uvm.edu\/huertas\/wp-json\/wp\/v2\/tags?post=103"}],"curies":[{"name":"wp","href":"https:\/\/api.w.org\/{rel}","templated":true}]}}