{"id":14482,"date":"2026-04-24T15:01:29","date_gmt":"2026-04-24T20:01:29","guid":{"rendered":"https:\/\/blog.uvm.edu\/aivakhiv\/?p=14482"},"modified":"2026-04-24T15:01:31","modified_gmt":"2026-04-24T20:01:31","slug":"how-war-is-environmental-the-ukrainian-case","status":"publish","type":"post","link":"https:\/\/blog.uvm.edu\/aivakhiv\/2026\/04\/24\/how-war-is-environmental-the-ukrainian-case\/","title":{"rendered":"How war is environmental: the Ukrainian case"},"content":{"rendered":"\n<p><em>This is cross-posted from <a href=\"https:\/\/terrestrialism.substack.com\/p\/how-war-is-environmental-the-ukrainian\">Terrestrialism<\/a>. The footnotes direct you there (but if you wish to follow them and return here, just use the back button on your browser). <\/em><\/p>\n\n\n\n<p>The Russo-Ukrainian war is an environmental war, for at least the following reasons.<\/p>\n\n\n\n<p>1. It is an environmental war because environmental destruction is a side effect of all wars.<a href=\"https:\/\/terrestrialism.substack.com\/p\/how-war-is-environmental-the-ukrainian#footnote-1\">1<\/a><\/p>\n\n\n\n<p>2. It is an environmental war because environments have been targeted by Russian forces\u2014because disabling Ukraine\u2019s economic potentials, including its agricultural fields, its ability to provide food for itself and the world, as well as its urban environments and industrial infrastructure, is a large part of the goals of the war.<a href=\"https:\/\/terrestrialism.substack.com\/p\/how-war-is-environmental-the-ukrainian#footnote-2\">2<\/a><\/p>\n\n\n\n<p>3. It is an environmental war because ecocide is the logical accompaniment to ethnocide or genocide,<a href=\"https:\/\/terrestrialism.substack.com\/p\/how-war-is-environmental-the-ukrainian#footnote-3\">3<\/a>&nbsp;and the war is ethnocidal by the Russian government\u2019s own admissions.<a href=\"https:\/\/terrestrialism.substack.com\/p\/how-war-is-environmental-the-ukrainian#footnote-4\">4<\/a><\/p>\n\n\n\n<!--more-->\n\n\n\n<p>4. It is an environmental war because the causes of the war are primarily environmental, or at least ecopolitical and geostrategic. Russia is a petro-state whose economy depends, to an extent greater than with any major economy in the world, on the revenues from its oil and gas reserves.<a href=\"https:\/\/terrestrialism.substack.com\/p\/how-war-is-environmental-the-ukrainian#footnote-5\">5<\/a>&nbsp;This means that as oil and gas become less valuable\u2014as they will with the world\u2019s energy transition toward non-carbon-emitting energy sources\u2014so will Russia\u2019s economy decline. This accounts for Russia\u2019s leading role (alongside the Arab oil producing countries and the Trump administration) in the international campaign to prevent concerted climate action on phasing out fossil fuels.<a href=\"https:\/\/terrestrialism.substack.com\/p\/how-war-is-environmental-the-ukrainian#footnote-6\">6<\/a><\/p>\n\n\n\n<p>It also makes the shoring up of Russian imperialism all the more strategically important. For historical as well as sentimental reasons, Russian imperial nationalists (including Putin) see Ukraine as central within that project.<a href=\"https:\/\/terrestrialism.substack.com\/p\/how-war-is-environmental-the-ukrainian#footnote-7\">7<\/a>&nbsp;And in case the word \u201cimperial\u201d needs explanation here, it is helpful to recall that of all the European colonial empires that ruled much of the world directly one or two hundred years ago, Russia is the last one still standing, still unreconstructed by anti-colonial movements.<a href=\"https:\/\/terrestrialism.substack.com\/p\/how-war-is-environmental-the-ukrainian#footnote-8\">8<\/a><\/p>\n\n\n\n<p>5. It is an environmental war because Ukrainians\u2019 defense of their territory is rooted, to a degree greater than it would be in many places, in an understanding that Ukrainians and the land they live on\u2014their&nbsp;<em>zemlia<\/em>\u2014make for a deeply valued partnership. It is not that Ukrainians haven\u2019t been displaced from that land by industrialization, mechanization of agriculture, and rural to urban migration, all of which the Soviet state ramped up to an intense degree, telescoping processes that took a few centuries in Britain, France, and elsewhere into the space of a century. The ways in which serfdom and other ethnopolitical-ecological relations imposed by the Russian empire, or by Polish rule, substantiated a certain relationship between Ukrainians and land is part of that equation. The legacy of Ukrainian connections to the land, a legacy retained and celebrated in poetry, music, and other forms of popular culture, is one that still retains a vibrancy at times when land is clearly under attack.<a href=\"https:\/\/terrestrialism.substack.com\/p\/how-war-is-environmental-the-ukrainian#footnote-9\">9<\/a><\/p>\n\n\n\n<p>6. To summarize the above, it is an environmental war in the same way that wars have always been environmental. This is a lesson of environmental history: wars have, for centuries, been fought between people defending land and their relationships with it from those who would like to replace those relationships with others that favor their own kind, that see their land as suitable for expansion, or extraction, or some other end. And while that process has gone on for millennia, there is an intensity and global reach to these expansionist wars in the last five centuries or so that has been undeniable\u2014an expansion over and against those people and places that are \u201cin the way.\u201d<\/p>\n\n\n\n<p>Ukrainians and the Ukrainian land are \u201cin the way\u201d of Russia\u2019s neo-imperialist plans. (As they were during the Stalin-produced&nbsp;<a href=\"https:\/\/en.wikipedia.org\/wiki\/Holodomor\">Holodomor<\/a>&nbsp;of the early 1930s.) This is analogous to the ways in which Indigenous peoples and their lands were \u201cin the way\u201d of European colonization, for centuries; and the way in which Palestinians are \u201cin the way\u201d of the Netanyahu regime\u2019s plan for a Greater Israel; and\u2026 add your own examples, of which there are many.<\/p>\n\n\n\n<p>And in a world of multipolar imperialisms, the only ethically defensible position is to extend solidarity to&nbsp;<em>every<\/em>&nbsp;victim resisting&nbsp;<em>every<\/em>&nbsp;and&nbsp;<em>any<\/em>&nbsp;imperialism. The opposite of imperialism is not some vague and selective rhetorical \u201canti-imperialism.\u201d It is democratic self-determination that is rooted in one\u2019s place. It is&nbsp;<em><a href=\"https:\/\/www.yorku.ca\/soi\/_Vol_6_1\/_HTML\/Ivakhiv.html\">tuteishist\u2019<\/a><\/em>, the defense of what is here,&nbsp;<em><a href=\"https:\/\/leftrenewal.org\/wp-content\/uploads\/2026\/03\/Ivakhiv_Terra-Invicta_OA-9780228026563.pdf\">tut<\/a><\/em>, and globally it is the solidarity of the&nbsp;<a href=\"https:\/\/kadist.org\/program\/we-earthbound\/\">earthbound<\/a>.<a href=\"https:\/\/terrestrialism.substack.com\/p\/how-war-is-environmental-the-ukrainian#footnote-10\">10<\/a><\/p>\n\n\n\n<p>7. Finally, the Russo-Ukrainian war is environmental in the way that&nbsp;<em>future<\/em>&nbsp;wars will all be environmental, in a world affected by climate disruptions, rising sea levels, intensifying weather disasters, and the demographic shifts, agricultural failures, economic hardships, and resource and land conflicts that will accompany these. The climate-destabilized world to come is the culmination of centuries of imperialist, extractivist, and colonial-capitalist \u201cresourcifying.\u201d<a href=\"https:\/\/terrestrialism.substack.com\/p\/how-war-is-environmental-the-ukrainian#footnote-11\">11<\/a><\/p>\n\n\n\n<p>The lessons from Ukrainians\u2019 resistance are thus lessons all of us (hopeful survivors) will need to learn. The sooner we recognize our shared precarity in the face of climate change, the sooner we will see the outlines of the \u201c<a href=\"https:\/\/terrestrialism.substack.com\/p\/venezuela-and-the-new-old-world-order\">ecological class struggle\u201d to come<\/a>: a struggle of the \u201cglobal climate precariat\u201d against the \u201cfossil-fuel protectorate\u201d and its technopolitical allies, for whom the struggle to dominate is paramount, with all social and ecological costs offloaded onto others (or onto the future).<\/p>\n\n\n\n<p>Communicating this shared condition of climate precarity is therefore of great importance, and it is a&nbsp;<a href=\"https:\/\/blog.uvm.edu\/aivakhiv\/2025\/02\/16\/we-are-all-dispensable-for-a-revolution-of-the-means-of-information\/\">task for artists and media makers<\/a>&nbsp;as much as for anyone else. That\u2019s why&nbsp;<em>Terra Invicta,<\/em>&nbsp;the book from which the above argument comes, puts such a strong emphasis on images and the work of artists. (That, of course, is consistent with my other work, such as&nbsp;<em><a href=\"https:\/\/www.sup.org\/books\/media-studies\/new-lives-images\">The New Lives of Images<\/a><\/em>.)<\/p>\n\n\n\n<p>(To see the images&nbsp;<em>Terra Invicta<\/em>&nbsp;works with\u2014in effect, counter-images to the destruction of the landscape portrayed in the satellite picture below\u2014you\u2019ll have to get the book. It is available from&nbsp;<a href=\"https:\/\/www.mqup.ca\/Books\/T\/Terra-Invicta3\">McGill-Queen\u2019s University Press<\/a>. But it is also&nbsp;<a href=\"https:\/\/queensu.scholaris.ca\/items\/11368c23-15ef-4907-a4b6-147877f62507\">open-access, available for free to all<\/a>. It is a book that Slavoj \u017di\u017eek says \u201cdeserves to become an instant classic, a volume that everyone who wants to grasp the contours of our global crisis should read.\u201d See also Marin Coudreau\u2019s wonderfully detailed review of it from the French radical ecology journal&nbsp;<em>Terrestres<\/em>. entitled&nbsp;<em>\u201c<\/em><a href=\"https:\/\/www.terrestres.org\/2026\/04\/21\/terre-invaincue-la-catastrophe-ecologique-a-la-lumiere-de-lukraine-en-guerre\/\">Terre invaincue: la catastrophe \u00e9cologique \u00e0 la lumi\u00e8re de l\u2019Ukraine en guerre<\/a>.<em>\u201d)<\/em><\/p>\n\n\n\n<figure class=\"wp-block-image\"><a class=\"image-link image2 is-viewable-img\" href=\"https:\/\/i0.wp.com\/substackcdn.com\/image\/fetch\/%24s_%21vrBw%21%2Cf_auto%2Cq_auto%3Agood%2Cfl_progressive%3Asteep\/https%3A%2F%2Fsubstack-post-media.s3.amazonaws.com%2Fpublic%2Fimages%2F88e2ace9-16f0-43f7-b033-02fde24634d0_918x712.jpeg?ssl=1\" target=\"_blank\" rel=\"noreferrer noopener\"><img data-recalc-dims=\"1\" decoding=\"async\" src=\"https:\/\/i0.wp.com\/substackcdn.com\/image\/fetch\/%24s_%21vrBw%21%2Cw_1456%2Cc_limit%2Cf_auto%2Cq_auto%3Agood%2Cfl_progressive%3Asteep\/https%3A%2F%2Fsubstack-post-media.s3.amazonaws.com%2Fpublic%2Fimages%2F88e2ace9-16f0-43f7-b033-02fde24634d0_918x712.jpeg?w=500&#038;ssl=1\" alt=\"\" \/><\/a><\/figure>\n","protected":false},"excerpt":{"rendered":"<p>This is cross-posted from Terrestrialism. The footnotes direct you there (but if you wish to follow them and return here, just use the back button on your browser). The Russo-Ukrainian war is an environmental war, for at least the following reasons. 1. It is an environmental war because environmental destruction is a side effect of [&hellip;]<\/p>\n","protected":false},"author":99,"featured_media":0,"comment_status":"open","ping_status":"open","sticky":false,"template":"","format":"standard","meta":{"_monsterinsights_skip_tracking":false,"_monsterinsights_sitenote_active":false,"_monsterinsights_sitenote_note":"","_monsterinsights_sitenote_category":0,"advanced_seo_description":"","jetpack_seo_html_title":"","jetpack_seo_noindex":false,"jetpack_post_was_ever_published":false,"_jetpack_newsletter_access":"","_jetpack_dont_email_post_to_subs":false,"_jetpack_newsletter_tier_id":0,"_jetpack_memberships_contains_paywalled_content":false,"_jetpack_memberships_contains_paid_content":false,"footnotes":"","jetpack_publicize_message":"","jetpack_publicize_feature_enabled":true,"jetpack_social_post_already_shared":true,"jetpack_social_options":{"image_generator_settings":{"template":"highway","default_image_id":0,"font":"","enabled":false},"version":2}},"categories":[688615],"tags":[711071,16902,25056,711292],"class_list":["post-14482","post","type-post","status-publish","format-standard","hentry","category-anthropo_scene","tag-russo-ukrainian-war","tag-ukraine","tag-war","tag-war-and-the-environment"],"jetpack_publicize_connections":[],"jetpack_featured_media_url":"","jetpack_sharing_enabled":true,"jetpack_shortlink":"https:\/\/wp.me\/p4IC4a-3LA","jetpack-related-posts":[{"id":8307,"url":"https:\/\/blog.uvm.edu\/aivakhiv\/2015\/06\/16\/coming-thursday-to-news-screens-near-you\/","url_meta":{"origin":14482,"position":0},"title":"Coming Thursday to news screens near you","author":"Adrian J Ivakhiv","date":"June 16, 2015","format":false,"excerpt":"To have the world's leading religious figure make a statement like this one -- heavily anticipated and already leaked out in draft form --\u00a0will be a game-changer. And a godsend (literally for some, figurally for most) to the climate justice community -- which, after all, should\u00a0be all of us.","rel":"","context":"In &quot;Climate change&quot;","block_context":{"text":"Climate change","link":"https:\/\/blog.uvm.edu\/aivakhiv\/category\/climate-politics\/"},"img":{"alt_text":"papal-encyclical-release-date-300x300","src":"https:\/\/i0.wp.com\/blog.uvm.edu\/aivakhiv\/files\/2015\/06\/papal-encyclical-release-date-300x300-275x275.jpg?resize=350%2C200","width":350,"height":200},"classes":[]},{"id":10065,"url":"https:\/\/blog.uvm.edu\/aivakhiv\/2019\/02\/09\/green-new-dealing-it\/","url_meta":{"origin":14482,"position":1},"title":"Green new dealing it&#8230;","author":"Adrian J Ivakhiv","date":"February 9, 2019","format":false,"excerpt":"For someone who teaches media and environment, it's heartening to see people like Alexandria Ocasio-Cortez and one of her advisors, Cornell legal star Robert Hockett, break through the media din. Even Tucker Carlson had to admit that \"it's nice to have a smart person\" on his show to explain things.\u2026","rel":"","context":"In &quot;Climate change&quot;","block_context":{"text":"Climate change","link":"https:\/\/blog.uvm.edu\/aivakhiv\/category\/climate-politics\/"},"img":{"alt_text":"","src":"https:\/\/i0.wp.com\/img.youtube.com\/vi\/MHD-M1AG7Hs\/0.jpg?resize=350%2C200","width":350,"height":200},"classes":[]},{"id":10098,"url":"https:\/\/blog.uvm.edu\/aivakhiv\/2019\/03\/17\/p-n-transition-or-toward-the-neocene\/","url_meta":{"origin":14482,"position":2},"title":"P-N transition, or, toward the Neocene","author":"Adrian J Ivakhiv","date":"March 17, 2019","format":false,"excerpt":"It's nice to see archdruid John Michael Greer's proposal for a \"Pleistocene-Neocene transition\" get a little traction in the science press -- specifically, in a Science Alert article by psychologist Matthew Adams. Greer, whose writings on religion and ecology are respectably out-of-the-box, advocates against the Anthropocene label on the basis\u2026","rel":"","context":"In &quot;Anthropocene&quot;","block_context":{"text":"Anthropocene","link":"https:\/\/blog.uvm.edu\/aivakhiv\/category\/anthropo_scene\/"},"img":{"alt_text":"","src":"https:\/\/i0.wp.com\/blog.uvm.edu\/aivakhiv\/files\/2019\/03\/Titanicentersicefields-2.png?resize=350%2C200&ssl=1","width":350,"height":200,"srcset":"https:\/\/i0.wp.com\/blog.uvm.edu\/aivakhiv\/files\/2019\/03\/Titanicentersicefields-2.png?resize=350%2C200&ssl=1 1x, https:\/\/i0.wp.com\/blog.uvm.edu\/aivakhiv\/files\/2019\/03\/Titanicentersicefields-2.png?resize=525%2C300&ssl=1 1.5x, https:\/\/i0.wp.com\/blog.uvm.edu\/aivakhiv\/files\/2019\/03\/Titanicentersicefields-2.png?resize=700%2C400&ssl=1 2x"},"classes":[]},{"id":1115,"url":"https:\/\/blog.uvm.edu\/aivakhiv\/2009\/09\/02\/pleasures-of-the-unsustainable\/","url_meta":{"origin":14482,"position":3},"title":"pleasures of the (un)sustainable","author":"Adrian J Ivakhiv","date":"September 2, 2009","format":false,"excerpt":"A propos yesterday's post on transition culture and the Bataillian (versus Malthusian) thermodynamics of ecopolitics, the new issue of the Harvard Design Magazine, on \"(Sustainability) + Pleasure,\" turns out to be all over this topic. Wendy Steiner's \"The Joy of Less\" introduces it well, positing a sensualism that's quite happy\u2026","rel":"","context":"In &quot;Eco-culture&quot;","block_context":{"text":"Eco-culture","link":"https:\/\/blog.uvm.edu\/aivakhiv\/category\/ecoculture\/"},"img":{"alt_text":"","src":"","width":0,"height":0},"classes":[]},{"id":2313,"url":"https:\/\/blog.uvm.edu\/aivakhiv\/2011\/01\/14\/vitale-throws-down-the-gauntlet\/","url_meta":{"origin":14482,"position":4},"title":"Vitale throws down the gauntlet&#8230;","author":"Adrian J Ivakhiv","date":"January 14, 2011","format":false,"excerpt":"Chris Vitale has \"thrown down the gauntlet,\" as he puts it, to the object-oriented ontologists to finally respond in a satisfactory way to process-relational critiques. (I admire his Sicilian bravado!) Chris is obviously writing in a somewhat feverish mode, blogging at the speed of thought rather than in the tempered\u2026","rel":"","context":"In &quot;Philosophy&quot;","block_context":{"text":"Philosophy","link":"https:\/\/blog.uvm.edu\/aivakhiv\/category\/geo_philosophy\/"},"img":{"alt_text":"","src":"","width":0,"height":0},"classes":[]},{"id":1258,"url":"https:\/\/blog.uvm.edu\/aivakhiv\/2010\/05\/05\/lines-in-ecocritical-sands\/","url_meta":{"origin":14482,"position":5},"title":"lines in ecocritical sands","author":"Adrian J Ivakhiv","date":"May 5, 2010","format":false,"excerpt":"Greg Garrard, who's become something of a point-man for synoptic treatments of ecocriticism (like this one, and see my previous post on him), has come out with a lucid and judicious review of recent publications in The Year's Work in Critical and Cultural Theory. It covers the years 2007-8, which\u2026","rel":"","context":"In &quot;Eco-culture&quot;","block_context":{"text":"Eco-culture","link":"https:\/\/blog.uvm.edu\/aivakhiv\/category\/ecoculture\/"},"img":{"alt_text":"","src":"","width":0,"height":0},"classes":[]}],"_links":{"self":[{"href":"https:\/\/blog.uvm.edu\/aivakhiv\/wp-json\/wp\/v2\/posts\/14482","targetHints":{"allow":["GET"]}}],"collection":[{"href":"https:\/\/blog.uvm.edu\/aivakhiv\/wp-json\/wp\/v2\/posts"}],"about":[{"href":"https:\/\/blog.uvm.edu\/aivakhiv\/wp-json\/wp\/v2\/types\/post"}],"author":[{"embeddable":true,"href":"https:\/\/blog.uvm.edu\/aivakhiv\/wp-json\/wp\/v2\/users\/99"}],"replies":[{"embeddable":true,"href":"https:\/\/blog.uvm.edu\/aivakhiv\/wp-json\/wp\/v2\/comments?post=14482"}],"version-history":[{"count":2,"href":"https:\/\/blog.uvm.edu\/aivakhiv\/wp-json\/wp\/v2\/posts\/14482\/revisions"}],"predecessor-version":[{"id":14484,"href":"https:\/\/blog.uvm.edu\/aivakhiv\/wp-json\/wp\/v2\/posts\/14482\/revisions\/14484"}],"wp:attachment":[{"href":"https:\/\/blog.uvm.edu\/aivakhiv\/wp-json\/wp\/v2\/media?parent=14482"}],"wp:term":[{"taxonomy":"category","embeddable":true,"href":"https:\/\/blog.uvm.edu\/aivakhiv\/wp-json\/wp\/v2\/categories?post=14482"},{"taxonomy":"post_tag","embeddable":true,"href":"https:\/\/blog.uvm.edu\/aivakhiv\/wp-json\/wp\/v2\/tags?post=14482"}],"curies":[{"name":"wp","href":"https:\/\/api.w.org\/{rel}","templated":true}]}}