{"id":14039,"date":"2025-04-06T12:48:33","date_gmt":"2025-04-06T17:48:33","guid":{"rendered":"https:\/\/blog.uvm.edu\/aivakhiv\/?p=14039"},"modified":"2025-04-06T12:49:09","modified_gmt":"2025-04-06T17:49:09","slug":"the-globality-of-hands-off","status":"publish","type":"post","link":"https:\/\/blog.uvm.edu\/aivakhiv\/2025\/04\/06\/the-globality-of-hands-off\/","title":{"rendered":"The globality of &#8220;Hands Off!&#8221;"},"content":{"rendered":"\n<p>The best context for thinking of yesterday&#8217;s &#8220;Hands Off!&#8221; protests, held <a href=\"https:\/\/www.bbc.com\/news\/articles\/cz79ewg193ro\">across the United States and in cities around the world<\/a>, is the one Rebecca Solnit gets at in her post of this morning on <a href=\"https:\/\/www.meditationsinanemergency.com\/millions-stood-up-april-5-hands-off-day-of-action\/?ref=meditations-in-an-emergency-newsletter\">Meditations in an Emergency<\/a>. It is the global context described here: <\/p>\n\n\n\n<blockquote class=\"wp-block-quote is-layout-flow wp-block-quote-is-layout-flow\">\n<p>&#8220;Right now Ukrainians are fighting for their freedom; Bangladeshis and Syrians are figuring out what comes after toppling an authoritarian regime; huge crowds are protesting in the streets of Turkey, Hungary, Serbia, the Republic of Georgia; Chile is governed by a young president who rose to prominence in student protests against a right-wing regime. South Korea just impeached and deposed a president who attempted a coup; the dictatorial former president of the Philippines is under arrest by the International Criminal Court for his human rights abuses. Across the world, time and time again, civil society has taken history into its own hands and written a better ending to an authoritarian story. Now it&#8217;s our turn.&#8221;<\/p>\n<\/blockquote>\n\n\n\n<p>Unlike what right-wing media will be spinning for its followers, the protests are not just &#8220;woke America&#8221; lashing back for the Trump administration&#8217;s &#8220;cultural&#8221; policies (abortion, immigration, DEI). They are part of a very broad, very global, and very much a <em>people&#8217;s<\/em> movement, one that&#8217;s not being led at all by political parties. (Democratic Party leadership has been hardly visible amidst the 1200+ protests held across the US yesterday). And the goals are shared across the world: they are freedom, democracy, human rights, and &#8212; while less visible in Solnit&#8217;s post, but audible in the calls for &#8220;hands off science,&#8221; &#8220;hands off our national parks,&#8221; etc. &#8212; ecology.<\/p>\n\n\n\n<!--more-->\n\n\n\n<p>Solnit offers another important reminder:<\/p>\n\n\n\n<blockquote class=\"wp-block-quote is-layout-flow wp-block-quote-is-layout-flow\">\n<p>&#8220;All this is happening because American voters stayed home. Trump got 31% of the vote, just a hair more than Kamala Harris, and 39% stayed home. A tiny bit more turnout, a tiny bit more participation, a tiny bit more concern, and we would not be here today, because those criminals would not be in the White House. We slept through the threat to our democracy, too many of us, but the destruction is waking a lot of people up. Stay awake.&#8221;<\/p>\n<\/blockquote>\n\n\n\n<p>Solnit has emerged as one of the top U.S. spokespeople for this movement, alongside Heather Cox Richardson, Timothy Snyder, and others (see my <a href=\"https:\/\/blog.uvm.edu\/aivakhiv\/2025\/02\/03\/moving-fast-and-breaking-things-critical-resources\/\">Trump 2.0 Critical Resource List<\/a> for some of the others). And the infrastructure of independent media that&#8217;s being shared across platforms &#8212; using social media such as Substack, BlueSky, Facebook (inevitably, even if always ambivalently), and others, but not being used<em> by<\/em> them &#8212; is emerging as the glue that connects the movement together.<\/p>\n\n\n\n<p>The U.S. mass media is feeling cowed by the authoritarians (Kat O&#8217;Brien&#8217;s point, cited by Solnit, is correct that the major U.S. liberal media are downplaying the event, for fear of being targeted by the Trump-Musk regime), but they will come around. <\/p>\n\n\n\n<p><a href=\"https:\/\/www.meditationsinanemergency.com\/millions-stood-up-april-5-hands-off-day-of-action\/?ref=meditations-in-an-emergency-newsletter\">Solnit&#8217;s entire piece is well worth reading<\/a>. <\/p>\n\n\n\n<figure class=\"wp-block-image size-large\"><img data-recalc-dims=\"1\" loading=\"lazy\" decoding=\"async\" width=\"400\" height=\"231\" src=\"https:\/\/i0.wp.com\/blog.uvm.edu\/aivakhiv\/files\/2025\/04\/image-400x231.png?resize=400%2C231&#038;ssl=1\" alt=\"\" class=\"wp-image-14040\" srcset=\"https:\/\/i0.wp.com\/blog.uvm.edu\/aivakhiv\/files\/2025\/04\/image.png?resize=400%2C231&amp;ssl=1 400w, https:\/\/i0.wp.com\/blog.uvm.edu\/aivakhiv\/files\/2025\/04\/image.png?resize=300%2C173&amp;ssl=1 300w, https:\/\/i0.wp.com\/blog.uvm.edu\/aivakhiv\/files\/2025\/04\/image.png?resize=275%2C159&amp;ssl=1 275w, https:\/\/i0.wp.com\/blog.uvm.edu\/aivakhiv\/files\/2025\/04\/image.png?resize=768%2C444&amp;ssl=1 768w, https:\/\/i0.wp.com\/blog.uvm.edu\/aivakhiv\/files\/2025\/04\/image.png?w=1038&amp;ssl=1 1038w\" sizes=\"auto, (max-width: 400px) 100vw, 400px\" \/><\/figure>\n","protected":false},"excerpt":{"rendered":"<p>The best context for thinking of yesterday&#8217;s &#8220;Hands Off!&#8221; protests, held across the United States and in cities around the world, is the one Rebecca Solnit gets at in her post of this morning on Meditations in an Emergency. It is the global context described here: &#8220;Right now Ukrainians are fighting for their freedom; Bangladeshis [&hellip;]<\/p>\n","protected":false},"author":99,"featured_media":0,"comment_status":"open","ping_status":"open","sticky":false,"template":"","format":"standard","meta":{"_monsterinsights_skip_tracking":false,"_monsterinsights_sitenote_active":false,"_monsterinsights_sitenote_note":"","_monsterinsights_sitenote_category":0,"advanced_seo_description":"","jetpack_seo_html_title":"","jetpack_seo_noindex":false,"jetpack_post_was_ever_published":false,"_jetpack_newsletter_access":"","_jetpack_dont_email_post_to_subs":false,"_jetpack_newsletter_tier_id":0,"_jetpack_memberships_contains_paywalled_content":false,"_jetpack_memberships_contains_paid_content":false,"footnotes":"","jetpack_publicize_message":"","jetpack_publicize_feature_enabled":true,"jetpack_social_post_already_shared":true,"jetpack_social_options":{"image_generator_settings":{"template":"highway","default_image_id":0,"font":"","enabled":false},"version":2}},"categories":[1],"tags":[],"class_list":["post-14039","post","type-post","status-publish","format-standard","hentry","category-uncategorized"],"jetpack_publicize_connections":[],"jetpack_featured_media_url":"","jetpack_sharing_enabled":true,"jetpack_shortlink":"https:\/\/wp.me\/p4IC4a-3Er","jetpack-related-posts":[{"id":1094,"url":"https:\/\/blog.uvm.edu\/aivakhiv\/2009\/06\/24\/zizek-on-iran\/","url_meta":{"origin":14039,"position":0},"title":"\u017di\u017eek on Iran","author":"Adrian J Ivakhiv","date":"June 24, 2009","format":false,"excerpt":"I'm reprinting Slavoj \u017di\u017eek's (copyright-free) analysis of the events in Iran, which were forwarded to Infinite Thought by Ali Alizadeh, who I mentioned in a recent post. It's vintage \u017di\u017eek: by turns provocative, unpredictable, overwrought, and brilliant, in its verve if not necessarily its accuracy, though I think he gets\u2026","rel":"","context":"In &quot;Politics&quot;","block_context":{"text":"Politics","link":"https:\/\/blog.uvm.edu\/aivakhiv\/category\/politics_postpolitics\/"},"img":{"alt_text":"","src":"","width":0,"height":0},"classes":[]},{"id":2569,"url":"https:\/\/blog.uvm.edu\/aivakhiv\/2011\/02\/07\/the-affective-resonance-of-tahrir-square\/","url_meta":{"origin":14039,"position":1},"title":"The affective resonance of Tahrir Square","author":"Adrian J Ivakhiv","date":"February 7, 2011","format":false,"excerpt":"My thoughts on the \"affective contagion\" of revolutionary events such as those in Tehran a year and a half ago, or those currently happening in Cairo, have always been somewhat undertheorized. Posthegemony's Jon Beasley-Murray points to an exhilarating piece written by his UBC colleague Gast\u00f3n Gordillo on Resonance and the\u2026","rel":"","context":"In &quot;Politics&quot;","block_context":{"text":"Politics","link":"https:\/\/blog.uvm.edu\/aivakhiv\/category\/politics_postpolitics\/"},"img":{"alt_text":"","src":"","width":0,"height":0},"classes":[]},{"id":10961,"url":"https:\/\/blog.uvm.edu\/aivakhiv\/2020\/07\/30\/the-new-media-regime\/","url_meta":{"origin":14039,"position":2},"title":"The new media regime","author":"Adrian J Ivakhiv","date":"July 30, 2020","format":false,"excerpt":"Here\u2019s a back-of-the-envelope hypothesis on the \"new media regime\" and some open questions that follow from it. Two groups are faring best these days under the current (new) media regime.* The first is surveillance capitalists, who have developed ways to monetize and harvest new data technologies directly for the accumulation\u2026","rel":"","context":"In &quot;Media ecology&quot;","block_context":{"text":"Media ecology","link":"https:\/\/blog.uvm.edu\/aivakhiv\/category\/media_ecology\/"},"img":{"alt_text":"","src":"https:\/\/i0.wp.com\/blog.uvm.edu\/aivakhiv\/files\/2020\/07\/matrix-code.jpg?resize=350%2C200&ssl=1","width":350,"height":200,"srcset":"https:\/\/i0.wp.com\/blog.uvm.edu\/aivakhiv\/files\/2020\/07\/matrix-code.jpg?resize=350%2C200&ssl=1 1x, https:\/\/i0.wp.com\/blog.uvm.edu\/aivakhiv\/files\/2020\/07\/matrix-code.jpg?resize=525%2C300&ssl=1 1.5x"},"classes":[]},{"id":14185,"url":"https:\/\/blog.uvm.edu\/aivakhiv\/2025\/08\/19\/should-immanence-move-to-substack\/","url_meta":{"origin":14039,"position":3},"title":"Should Immanence move to Substack?","author":"Adrian J Ivakhiv","date":"August 19, 2025","format":false,"excerpt":"Should this blog move to Substack? Here are some reasons to do it: Substack is where things are happening these days (see here, here, here, and here). Some of the most popular blogs and newsletters are increasingly found there, and traditional media increasingly focus and rely on them. Substack's growth\u2026","rel":"","context":"In &quot;Blog stuff&quot;","block_context":{"text":"Blog stuff","link":"https:\/\/blog.uvm.edu\/aivakhiv\/category\/blog_stuff\/"},"img":{"alt_text":"","src":"","width":0,"height":0},"classes":[]},{"id":1243,"url":"https:\/\/blog.uvm.edu\/aivakhiv\/2010\/04\/14\/homecoming\/","url_meta":{"origin":14039,"position":4},"title":"homecoming","author":"Adrian J Ivakhiv","date":"April 14, 2010","format":false,"excerpt":"A friend of mine inadvertently reminded me of one of my favorite passages from Mikhail Bakhtin, written, apparently, in his last notebook entry before his death (and published subsequently in Toward a Methodology for the Human Sciences): \"There is neither a first nor a last word and there are no\u2026","rel":"","context":"Similar post","block_context":{"text":"Similar post","link":""},"img":{"alt_text":"","src":"","width":0,"height":0},"classes":[]},{"id":7095,"url":"https:\/\/blog.uvm.edu\/aivakhiv\/2013\/12\/12\/the-groundlessness-of-revolution\/","url_meta":{"origin":14039,"position":5},"title":"The groundlessness of revolution","author":"Adrian J Ivakhiv","date":"December 12, 2013","format":false,"excerpt":"Every violent suppression of dissent is violence against the humanity that is being born. The world to come is at stake in these encounters. That's what I tweeted last night while watching what looked like the squashing of a revolution, when riot police appeared by the thousands and began moving\u2026","rel":"","context":"In &quot;Media ecology&quot;","block_context":{"text":"Media ecology","link":"https:\/\/blog.uvm.edu\/aivakhiv\/category\/media_ecology\/"},"img":{"alt_text":"","src":"https:\/\/i0.wp.com\/blog.uvm.edu\/aivakhiv\/files\/2021\/06\/ukraine-protest-3.jpeg?resize=350%2C200&ssl=1","width":350,"height":200,"srcset":"https:\/\/i0.wp.com\/blog.uvm.edu\/aivakhiv\/files\/2021\/06\/ukraine-protest-3.jpeg?resize=350%2C200&ssl=1 1x, https:\/\/i0.wp.com\/blog.uvm.edu\/aivakhiv\/files\/2021\/06\/ukraine-protest-3.jpeg?resize=525%2C300&ssl=1 1.5x"},"classes":[]}],"_links":{"self":[{"href":"https:\/\/blog.uvm.edu\/aivakhiv\/wp-json\/wp\/v2\/posts\/14039","targetHints":{"allow":["GET"]}}],"collection":[{"href":"https:\/\/blog.uvm.edu\/aivakhiv\/wp-json\/wp\/v2\/posts"}],"about":[{"href":"https:\/\/blog.uvm.edu\/aivakhiv\/wp-json\/wp\/v2\/types\/post"}],"author":[{"embeddable":true,"href":"https:\/\/blog.uvm.edu\/aivakhiv\/wp-json\/wp\/v2\/users\/99"}],"replies":[{"embeddable":true,"href":"https:\/\/blog.uvm.edu\/aivakhiv\/wp-json\/wp\/v2\/comments?post=14039"}],"version-history":[{"count":5,"href":"https:\/\/blog.uvm.edu\/aivakhiv\/wp-json\/wp\/v2\/posts\/14039\/revisions"}],"predecessor-version":[{"id":14045,"href":"https:\/\/blog.uvm.edu\/aivakhiv\/wp-json\/wp\/v2\/posts\/14039\/revisions\/14045"}],"wp:attachment":[{"href":"https:\/\/blog.uvm.edu\/aivakhiv\/wp-json\/wp\/v2\/media?parent=14039"}],"wp:term":[{"taxonomy":"category","embeddable":true,"href":"https:\/\/blog.uvm.edu\/aivakhiv\/wp-json\/wp\/v2\/categories?post=14039"},{"taxonomy":"post_tag","embeddable":true,"href":"https:\/\/blog.uvm.edu\/aivakhiv\/wp-json\/wp\/v2\/tags?post=14039"}],"curies":[{"name":"wp","href":"https:\/\/api.w.org\/{rel}","templated":true}]}}